{"id":825,"date":"2022-04-09T12:57:17","date_gmt":"2022-04-09T15:57:17","guid":{"rendered":"https:\/\/edtalomas-bue.infd.edu.ar\/sitio\/?p=825"},"modified":"2022-04-09T12:57:18","modified_gmt":"2022-04-09T15:57:18","slug":"practicas-docentes-informacion-importante","status":"publish","type":"post","link":"https:\/\/edtalomas-bue.infd.edu.ar\/sitio\/practicas-docentes-informacion-importante\/","title":{"rendered":"PR\u00c1CTICAS DOCENTES : INFORMACI\u00d3N IMPORTANTE"},"content":{"rendered":"\n<p>Las asignaturas Pr\u00e1ctica Docente I y II se cursan en contraturno. La inscripci\u00f3n se realiza en el mismo momento en que se inscriben a las restantes del curso. No se puede elegir horario de cursada ni docente a cargo, salvo en el caso de situaci\u00f3n laboral o superposici\u00f3n de asignaturas. En ese caso y para revisar la situaci\u00f3n personal enviar nota explicando la situaci\u00f3n y constancia de trabajo si correspondiere al siguiente correo: edtapracticadocente@gmail.com<\/p>\n","protected":false},"excerpt":{"rendered":"<p>Las asignaturas Pr\u00e1ctica Docente I y II se cursan en contraturno. La inscripci\u00f3n se realiza en el mismo momento en que se inscriben a las restantes del curso. No se puede elegir horario de cursada ni docente a cargo, salvo en el caso de situaci\u00f3n laboral o superposici\u00f3n de asignaturas. En ese caso y para &#8230; <a title=\"PR\u00c1CTICAS DOCENTES : INFORMACI\u00d3N IMPORTANTE\" class=\"read-more\" href=\"https:\/\/edtalomas-bue.infd.edu.ar\/sitio\/practicas-docentes-informacion-importante\/\" aria-label=\"M\u00e1s en PR\u00c1CTICAS DOCENTES : INFORMACI\u00d3N IMPORTANTE\">[+]<\/a><\/p>\n","protected":false},"author":11,"featured_media":0,"comment_status":"open","ping_status":"open","sticky":false,"template":"","format":"standard","meta":[],"categories":[1],"tags":[],"acf":[],"_links":{"self":[{"href":"https:\/\/edtalomas-bue.infd.edu.ar\/sitio\/wp-json\/wp\/v2\/posts\/825"}],"collection":[{"href":"https:\/\/edtalomas-bue.infd.edu.ar\/sitio\/wp-json\/wp\/v2\/posts"}],"about":[{"href":"https:\/\/edtalomas-bue.infd.edu.ar\/sitio\/wp-json\/wp\/v2\/types\/post"}],"author":[{"embeddable":true,"href":"https:\/\/edtalomas-bue.infd.edu.ar\/sitio\/wp-json\/wp\/v2\/users\/11"}],"replies":[{"embeddable":true,"href":"https:\/\/edtalomas-bue.infd.edu.ar\/sitio\/wp-json\/wp\/v2\/comments?post=825"}],"version-history":[{"count":1,"href":"https:\/\/edtalomas-bue.infd.edu.ar\/sitio\/wp-json\/wp\/v2\/posts\/825\/revisions"}],"predecessor-version":[{"id":826,"href":"https:\/\/edtalomas-bue.infd.edu.ar\/sitio\/wp-json\/wp\/v2\/posts\/825\/revisions\/826"}],"wp:attachment":[{"href":"https:\/\/edtalomas-bue.infd.edu.ar\/sitio\/wp-json\/wp\/v2\/media?parent=825"}],"wp:term":[{"taxonomy":"category","embeddable":true,"href":"https:\/\/edtalomas-bue.infd.edu.ar\/sitio\/wp-json\/wp\/v2\/categories?post=825"},{"taxonomy":"post_tag","embeddable":true,"href":"https:\/\/edtalomas-bue.infd.edu.ar\/sitio\/wp-json\/wp\/v2\/tags?post=825"}],"curies":[{"name":"wp","href":"https:\/\/api.w.org\/{rel}","templated":true}]}}